{"id":576,"date":"2026-03-03T20:02:49","date_gmt":"2026-03-03T20:02:49","guid":{"rendered":"https:\/\/valtertuzlanski.com\/wp\/?p=576"},"modified":"2026-03-03T20:10:14","modified_gmt":"2026-03-03T20:10:14","slug":"i-u-tuzlu-stize-dokumentarac-o-livanjskim-divljim-konjima","status":"publish","type":"post","link":"https:\/\/valtertuzlanski.com\/wp\/2026\/03\/03\/i-u-tuzlu-stize-dokumentarac-o-livanjskim-divljim-konjima\/","title":{"rendered":"I u Tuzlu sti\u017ee, dokumentarac o livanjskim divljim konjima"},"content":{"rendered":"\n<p><strong>eTrafikin dokumentarni film<\/strong><\/p>\n\n\n\n<p><strong> &#8220;Divlji konji Livna &#8211; Izme\u0111u slobode i bezbri\u017enosti&#8221; bit \u0107e besplatno prikazan unakon Zenice i u Tuzli petak, 6. marta<\/strong>.<strong>&nbsp;<\/strong><\/p>\n\n\n\n<p>Rije\u010d je o dokumentarcu portala  <a href=\"http:\/\/eTrafika\">http:\/\/eTrafika<\/a> , autora Vanje Stoki\u0107a i Ajdina Kambera, koji u 35 minuta govori o aktivizmu, turizmu, ponosu, prirodnim ljepotama, patnji, odgovornosti, za\u0161titi i kriminalu. Film je montirala Jelena Vujasinovi\u0107.<\/p>\n\n\n\n<p>U Tuzli \u0107emo biti, u petak, 6. marta, u 20 sati. Projekcija je organizirana u partnerstvu s Omladinskim centrom, dokumentarac o konjima mo\u017eete pogledati na Kamernoj sceni, Ulica Dragi\u0161e Trifkovi\u0107a 2.&nbsp;<\/p>\n\n\n\n<p>Film je do sada prikazan u Livnu, Doboju i Sarajevu. Dugo vremena ne\u0107e biti dostupan javnosti, a nakon projekcije publika \u0107e imati priliku razgovarati s autorima.&nbsp;<\/p>\n\n\n\n<p>Dvoje bh. novinara, Vanja Stoki\u0107 i Ajdin Kamber su preko godinu dana snimali pri\u010du o divljim konjima koji krase Livno, me\u0111utim ovo nije romanti\u010dna pri\u010da o divnim stvorenjima, ve\u0107 dokument nesposobnosti i ne\u017eelje nadle\u017enih da za\u0161tite ovo dragocjeno blago Bosne i Hercegovine.<\/p>\n\n\n\n<p>Ulaz je besplatan, a dosada\u0161nje kritike filma, kao i mnoge novinarske i druge nagrade koje je ovaj dvojac osvajao, garantuju kvalitetan dokumentarni film. Zbog slanja filma na festivale, isti ne\u0107e biti du\u017ee vrijeme \u0161iroj javnosti dostupan, pa je ovo odli\u010dna prilika da me\u0111u prvima ga pogledate.<\/p>\n\n\n\n<p><\/p>\n","protected":false},"excerpt":{"rendered":"<p>eTrafikin dokumentarni film &#8220;Divlji konji Livna &#8211; Izme\u0111u slobode i bezbri\u017enosti&#8221; bit \u0107e besplatno prikazan unakon Zenice i u Tuzli petak, 6. marta.&nbsp; Rije\u010d je o dokumentarcu portala http:\/\/eTrafika , autora Vanje Stoki\u0107a i Ajdina Kambera, koji u 35 minuta govori o aktivizmu, turizmu, ponosu, prirodnim ljepotama, patnji, odgovornosti, za\u0161titi i kriminalu. Film je montirala<\/p>\n","protected":false},"author":1,"featured_media":578,"comment_status":"open","ping_status":"open","sticky":false,"template":"","format":"standard","meta":{"pagelayer_contact_templates":[],"_pagelayer_content":"","footnotes":""},"categories":[4],"tags":[72,71,52,45],"class_list":["post-576","post","type-post","status-publish","format-standard","has-post-thumbnail","hentry","category-tuzla","tag-divlji-konji","tag-etrafika","tag-film","tag-tuzla"],"_links":{"self":[{"href":"https:\/\/valtertuzlanski.com\/wp\/wp-json\/wp\/v2\/posts\/576","targetHints":{"allow":["GET"]}}],"collection":[{"href":"https:\/\/valtertuzlanski.com\/wp\/wp-json\/wp\/v2\/posts"}],"about":[{"href":"https:\/\/valtertuzlanski.com\/wp\/wp-json\/wp\/v2\/types\/post"}],"author":[{"embeddable":true,"href":"https:\/\/valtertuzlanski.com\/wp\/wp-json\/wp\/v2\/users\/1"}],"replies":[{"embeddable":true,"href":"https:\/\/valtertuzlanski.com\/wp\/wp-json\/wp\/v2\/comments?post=576"}],"version-history":[{"count":2,"href":"https:\/\/valtertuzlanski.com\/wp\/wp-json\/wp\/v2\/posts\/576\/revisions"}],"predecessor-version":[{"id":581,"href":"https:\/\/valtertuzlanski.com\/wp\/wp-json\/wp\/v2\/posts\/576\/revisions\/581"}],"wp:featuredmedia":[{"embeddable":true,"href":"https:\/\/valtertuzlanski.com\/wp\/wp-json\/wp\/v2\/media\/578"}],"wp:attachment":[{"href":"https:\/\/valtertuzlanski.com\/wp\/wp-json\/wp\/v2\/media?parent=576"}],"wp:term":[{"taxonomy":"category","embeddable":true,"href":"https:\/\/valtertuzlanski.com\/wp\/wp-json\/wp\/v2\/categories?post=576"},{"taxonomy":"post_tag","embeddable":true,"href":"https:\/\/valtertuzlanski.com\/wp\/wp-json\/wp\/v2\/tags?post=576"}],"curies":[{"name":"wp","href":"https:\/\/api.w.org\/{rel}","templated":true}]}}